{"id":1141,"date":"2024-11-02T09:35:46","date_gmt":"2024-11-02T12:35:46","guid":{"rendered":"http:\/\/apaeitaunamg.org.br\/site\/?p=1141"},"modified":"2024-11-05T14:52:13","modified_gmt":"2024-11-05T17:52:13","slug":"conheca-o-impactapae","status":"publish","type":"post","link":"https:\/\/apaeitaunamg.org.br\/site\/conheca-o-impactapae\/","title":{"rendered":"Conhe\u00e7a o ImpactAPAE"},"content":{"rendered":"\n<p>O ImpactAPAE \u00e9 um projeto de pesquisa baseado no Projeto ImPACT implementado nos Estados Unidos e no Canad\u00e1, onde se desenvolveu a interven\u00e7\u00e3o mediada pelos pais de crian\u00e7as com transtorno do espectro autista (TEA).<\/p>\n\n\n\n<p>Este estudo tem se tornado um modelo de tratamento em potencial, devido a sua contribui\u00e7\u00e3o para interven\u00e7\u00e3o a tempo, menor custo e possibilidade de empoderamento parental.<\/p>\n\n\n\n<p>Objetivo: analisar a efetividade da interven\u00e7\u00e3o mediada pelos pais de crian\u00e7as de 24 a 60 meses, com risco ou diagn\u00f3stico de transtorno do espectro autista na APAE de Ita\u00fana-MG.<\/p>\n\n\n\n<p>O projeto foi aprovado pelo Comit\u00ea de \u00c9tica em Pesquisa da UFMG sob parecer n\u00b0 6.477.874.<\/p>\n\n\n\n<p>Resultados parciais:<\/p>\n\n\n\n<p>Foram entrevistados 37 pais a respeito do desenvolvimento das suas respectivas crian\u00e7as; 20 perteciam ao grupo experimental e 17 ao grupo controle.<\/p>\n\n\n\n<p>Ao final 10 fam\u00edlias conclu\u00edram a interven\u00e7\u00e3o mediada pelos pais e 14 conclu\u00edram a reavalia\u00e7\u00e3o do grupo controle.<\/p>\n\n\n\n<p>A maioria das crian\u00e7as da pesquisa eram do sexo masculino para ambos os grupos (12 (60%) pertenciam ao grupo experimental e 13 (76%) ao grupo controle).<\/p>\n\n\n\n<p>Analisar a efetividade da interven\u00e7\u00e3o mediada pelos pais, em crian\u00e7as de 24 a 60 meses com risco ou diagn\u00f3stico de transtorno do espectro autista, em um Servi\u00e7o Especializado de Reabilita\u00e7\u00e3o no interior de Minas Gerais (APAE \u2013 Ita\u00fana).<\/p>\n\n\n\n<p>Ressalta-se que as crian\u00e7as recebem no m\u00e1ximo uma hora e meia de interven\u00e7\u00e3o no modelo individual, em diferentes \u00e1reas: fonoaudiologia, terapia ocupacional, fisioterapia ou psicologia.<\/p>\n\n\n\n<p>O crit\u00e9rio para o estabelecimento da especialidade de atendimento para cada crian\u00e7a acontece ap\u00f3s a avalia\u00e7\u00e3o pela equipe multiprofissional.<\/p>\n\n\n\n<p>A realidade do servi\u00e7o s\u00e3o filas de espera para atendimento em algumas especialidades.<\/p>\n\n\n\n<p>No entanto, todas as crian\u00e7as da pesquisa estavam matriculadas na APAE, recebendo algum atendimento ou em fila de espera ap\u00f3s passar pela avalia\u00e7\u00e3o por equipe multiprofissional da Institui\u00e7\u00e3o.<\/p>\n\n\n\n<p>A equipe de estimula\u00e7\u00e3o precoce que atende crian\u00e7as com autismo utilizam como marco te\u00f3rico para o atendimento estrat\u00e9gias desenvolvimentais e comportamentais.<\/p>\n\n\n\n<figure class=\"wp-block-gallery has-nested-images columns-default is-cropped wp-block-gallery-1 is-layout-flex wp-block-gallery-is-layout-flex\"><\/figure>\n\n\n\n<p><\/p>\n","protected":false},"excerpt":{"rendered":"<p>O ImpactAPAE \u00e9 um projeto de pesquisa baseado no Projeto ImPACT implementado nos Estados Unidos e no Canad\u00e1, onde se desenvolveu a interven\u00e7\u00e3o mediada pelos pais de crian\u00e7as com transtorno do espectro autista (TEA). Este estudo tem se tornado um modelo de tratamento em potencial, devido a sua contribui\u00e7\u00e3o para interven\u00e7\u00e3o a tempo, menor custo [&hellip;]<\/p>\n","protected":false},"author":1,"featured_media":1142,"comment_status":"open","ping_status":"open","sticky":false,"template":"","format":"standard","meta":{"footnotes":""},"categories":[1],"tags":[],"class_list":["post-1141","post","type-post","status-publish","format-standard","has-post-thumbnail","hentry","category-sem-categoria"],"_links":{"self":[{"href":"https:\/\/apaeitaunamg.org.br\/site\/wp-json\/wp\/v2\/posts\/1141","targetHints":{"allow":["GET"]}}],"collection":[{"href":"https:\/\/apaeitaunamg.org.br\/site\/wp-json\/wp\/v2\/posts"}],"about":[{"href":"https:\/\/apaeitaunamg.org.br\/site\/wp-json\/wp\/v2\/types\/post"}],"author":[{"embeddable":true,"href":"https:\/\/apaeitaunamg.org.br\/site\/wp-json\/wp\/v2\/users\/1"}],"replies":[{"embeddable":true,"href":"https:\/\/apaeitaunamg.org.br\/site\/wp-json\/wp\/v2\/comments?post=1141"}],"version-history":[{"count":2,"href":"https:\/\/apaeitaunamg.org.br\/site\/wp-json\/wp\/v2\/posts\/1141\/revisions"}],"predecessor-version":[{"id":1144,"href":"https:\/\/apaeitaunamg.org.br\/site\/wp-json\/wp\/v2\/posts\/1141\/revisions\/1144"}],"wp:featuredmedia":[{"embeddable":true,"href":"https:\/\/apaeitaunamg.org.br\/site\/wp-json\/wp\/v2\/media\/1142"}],"wp:attachment":[{"href":"https:\/\/apaeitaunamg.org.br\/site\/wp-json\/wp\/v2\/media?parent=1141"}],"wp:term":[{"taxonomy":"category","embeddable":true,"href":"https:\/\/apaeitaunamg.org.br\/site\/wp-json\/wp\/v2\/categories?post=1141"},{"taxonomy":"post_tag","embeddable":true,"href":"https:\/\/apaeitaunamg.org.br\/site\/wp-json\/wp\/v2\/tags?post=1141"}],"curies":[{"name":"wp","href":"https:\/\/api.w.org\/{rel}","templated":true}]}}