{"id":1236,"date":"2025-10-13T16:46:22","date_gmt":"2025-10-13T19:46:22","guid":{"rendered":"https:\/\/apaeitaunamg.org.br\/site\/?p=1236"},"modified":"2025-10-13T17:02:31","modified_gmt":"2025-10-13T20:02:31","slug":"edital-de-convocacao-assembleia-geral-eleicao-apae-itauna","status":"publish","type":"post","link":"https:\/\/apaeitaunamg.org.br\/site\/edital-de-convocacao-assembleia-geral-eleicao-apae-itauna\/","title":{"rendered":"EDITAL DE CONVOCA\u00c7\u00c3O ASSEMBLEIA GERAL ELEI\u00c7\u00c3O APAE ITA\u00daNA"},"content":{"rendered":"\n<p class=\"has-black-color has-text-color has-link-color wp-elements-9ac00cf961d1ea846fe5a532228b76c6\"><\/p>\n\n\n\n<figure class=\"wp-block-image size-full\"><img decoding=\"async\" width=\"200\" height=\"200\" src=\"https:\/\/apaeitaunamg.org.br\/site\/wp-content\/uploads\/2025\/10\/urna-4.jpg\" alt=\"\" class=\"wp-image-1240\" srcset=\"https:\/\/apaeitaunamg.org.br\/site\/wp-content\/uploads\/2025\/10\/urna-4.jpg 200w, https:\/\/apaeitaunamg.org.br\/site\/wp-content\/uploads\/2025\/10\/urna-4-150x150.jpg 150w\" sizes=\"(max-width: 200px) 100vw, 200px\" \/><\/figure>\n\n\n\n<figure class=\"wp-block-image size-large\"><img fetchpriority=\"high\" decoding=\"async\" width=\"722\" height=\"1024\" src=\"https:\/\/apaeitaunamg.org.br\/site\/wp-content\/uploads\/2025\/10\/EDITAL-DE-CONVOCACAO-APAE-ITAUNA-ELEICAO-722x1024.jpg\" alt=\"\" class=\"wp-image-1237\" srcset=\"https:\/\/apaeitaunamg.org.br\/site\/wp-content\/uploads\/2025\/10\/EDITAL-DE-CONVOCACAO-APAE-ITAUNA-ELEICAO-722x1024.jpg 722w, https:\/\/apaeitaunamg.org.br\/site\/wp-content\/uploads\/2025\/10\/EDITAL-DE-CONVOCACAO-APAE-ITAUNA-ELEICAO-212x300.jpg 212w, https:\/\/apaeitaunamg.org.br\/site\/wp-content\/uploads\/2025\/10\/EDITAL-DE-CONVOCACAO-APAE-ITAUNA-ELEICAO-768x1089.jpg 768w, https:\/\/apaeitaunamg.org.br\/site\/wp-content\/uploads\/2025\/10\/EDITAL-DE-CONVOCACAO-APAE-ITAUNA-ELEICAO-1083x1536.jpg 1083w, https:\/\/apaeitaunamg.org.br\/site\/wp-content\/uploads\/2025\/10\/EDITAL-DE-CONVOCACAO-APAE-ITAUNA-ELEICAO-1444x2048.jpg 1444w, https:\/\/apaeitaunamg.org.br\/site\/wp-content\/uploads\/2025\/10\/EDITAL-DE-CONVOCACAO-APAE-ITAUNA-ELEICAO-scaled.jpg 1805w\" sizes=\"(max-width: 722px) 100vw, 722px\" \/><\/figure>\n\n\n\n<figure class=\"wp-block-image size-large\"><img decoding=\"async\" width=\"789\" height=\"1024\" src=\"https:\/\/apaeitaunamg.org.br\/site\/wp-content\/uploads\/2025\/10\/INFORMACOES-COMPLEMENTARES-ELEICOES-APAE-ITAUNA-789x1024.jpg\" alt=\"\" class=\"wp-image-1238\" srcset=\"https:\/\/apaeitaunamg.org.br\/site\/wp-content\/uploads\/2025\/10\/INFORMACOES-COMPLEMENTARES-ELEICOES-APAE-ITAUNA-789x1024.jpg 789w, https:\/\/apaeitaunamg.org.br\/site\/wp-content\/uploads\/2025\/10\/INFORMACOES-COMPLEMENTARES-ELEICOES-APAE-ITAUNA-231x300.jpg 231w, https:\/\/apaeitaunamg.org.br\/site\/wp-content\/uploads\/2025\/10\/INFORMACOES-COMPLEMENTARES-ELEICOES-APAE-ITAUNA-768x997.jpg 768w, https:\/\/apaeitaunamg.org.br\/site\/wp-content\/uploads\/2025\/10\/INFORMACOES-COMPLEMENTARES-ELEICOES-APAE-ITAUNA-1183x1536.jpg 1183w, https:\/\/apaeitaunamg.org.br\/site\/wp-content\/uploads\/2025\/10\/INFORMACOES-COMPLEMENTARES-ELEICOES-APAE-ITAUNA-1578x2048.jpg 1578w, https:\/\/apaeitaunamg.org.br\/site\/wp-content\/uploads\/2025\/10\/INFORMACOES-COMPLEMENTARES-ELEICOES-APAE-ITAUNA-scaled.jpg 1972w\" sizes=\"(max-width: 789px) 100vw, 789px\" \/><\/figure>\n","protected":false},"excerpt":{"rendered":"","protected":false},"author":1,"featured_media":1240,"comment_status":"open","ping_status":"open","sticky":false,"template":"","format":"standard","meta":{"footnotes":""},"categories":[1],"tags":[],"class_list":["post-1236","post","type-post","status-publish","format-standard","has-post-thumbnail","hentry","category-sem-categoria"],"_links":{"self":[{"href":"https:\/\/apaeitaunamg.org.br\/site\/wp-json\/wp\/v2\/posts\/1236","targetHints":{"allow":["GET"]}}],"collection":[{"href":"https:\/\/apaeitaunamg.org.br\/site\/wp-json\/wp\/v2\/posts"}],"about":[{"href":"https:\/\/apaeitaunamg.org.br\/site\/wp-json\/wp\/v2\/types\/post"}],"author":[{"embeddable":true,"href":"https:\/\/apaeitaunamg.org.br\/site\/wp-json\/wp\/v2\/users\/1"}],"replies":[{"embeddable":true,"href":"https:\/\/apaeitaunamg.org.br\/site\/wp-json\/wp\/v2\/comments?post=1236"}],"version-history":[{"count":2,"href":"https:\/\/apaeitaunamg.org.br\/site\/wp-json\/wp\/v2\/posts\/1236\/revisions"}],"predecessor-version":[{"id":1241,"href":"https:\/\/apaeitaunamg.org.br\/site\/wp-json\/wp\/v2\/posts\/1236\/revisions\/1241"}],"wp:featuredmedia":[{"embeddable":true,"href":"https:\/\/apaeitaunamg.org.br\/site\/wp-json\/wp\/v2\/media\/1240"}],"wp:attachment":[{"href":"https:\/\/apaeitaunamg.org.br\/site\/wp-json\/wp\/v2\/media?parent=1236"}],"wp:term":[{"taxonomy":"category","embeddable":true,"href":"https:\/\/apaeitaunamg.org.br\/site\/wp-json\/wp\/v2\/categories?post=1236"},{"taxonomy":"post_tag","embeddable":true,"href":"https:\/\/apaeitaunamg.org.br\/site\/wp-json\/wp\/v2\/tags?post=1236"}],"curies":[{"name":"wp","href":"https:\/\/api.w.org\/{rel}","templated":true}]}}